{"id":1761,"date":"2025-11-08T17:17:25","date_gmt":"2025-11-08T16:17:25","guid":{"rendered":"https:\/\/taekwondo-saintpriest.fr\/?p=1761"},"modified":"2025-11-08T17:19:06","modified_gmt":"2025-11-08T16:19:06","slug":"stage-de-masse-combat-avec-yasmina-aziez-un-moment-fort-pour-nos-licencies","status":"publish","type":"post","link":"https:\/\/taekwondo-saintpriest.fr\/index.php\/2025\/11\/08\/stage-de-masse-combat-avec-yasmina-aziez-un-moment-fort-pour-nos-licencies\/","title":{"rendered":"Stage de masse combat avec\u00a0Yasmina Aziez\u00a0\u2013 Un moment fort pour nos licenci\u00e9s !"},"content":{"rendered":"\n<figure class=\"wp-block-image size-large\"><img loading=\"lazy\" decoding=\"async\" width=\"1024\" height=\"576\" src=\"https:\/\/taekwondo-saintpriest.fr\/wp-content\/uploads\/2025\/11\/0d986c9e-6d1a-42dc-bb9d-49f7b8e48a9a-1024x576.jpg\" alt=\"\" class=\"wp-image-1764\" srcset=\"https:\/\/taekwondo-saintpriest.fr\/wp-content\/uploads\/2025\/11\/0d986c9e-6d1a-42dc-bb9d-49f7b8e48a9a-1024x576.jpg 1024w, https:\/\/taekwondo-saintpriest.fr\/wp-content\/uploads\/2025\/11\/0d986c9e-6d1a-42dc-bb9d-49f7b8e48a9a-300x169.jpg 300w, https:\/\/taekwondo-saintpriest.fr\/wp-content\/uploads\/2025\/11\/0d986c9e-6d1a-42dc-bb9d-49f7b8e48a9a-768x432.jpg 768w, https:\/\/taekwondo-saintpriest.fr\/wp-content\/uploads\/2025\/11\/0d986c9e-6d1a-42dc-bb9d-49f7b8e48a9a-1536x864.jpg 1536w, https:\/\/taekwondo-saintpriest.fr\/wp-content\/uploads\/2025\/11\/0d986c9e-6d1a-42dc-bb9d-49f7b8e48a9a-1320x743.jpg 1320w, https:\/\/taekwondo-saintpriest.fr\/wp-content\/uploads\/2025\/11\/0d986c9e-6d1a-42dc-bb9d-49f7b8e48a9a-600x338.jpg 600w, https:\/\/taekwondo-saintpriest.fr\/wp-content\/uploads\/2025\/11\/0d986c9e-6d1a-42dc-bb9d-49f7b8e48a9a.jpg 1600w\" sizes=\"auto, (max-width: 1024px) 100vw, 1024px\" \/><\/figure>\n\n\n\n<p><\/p>\n\n\n\n<p>Ce&nbsp;<strong>samedi 8 novembre 2025<\/strong>, plusieurs de nos adh\u00e9rents ont particip\u00e9 au&nbsp;<strong>stage de masse combat<\/strong>&nbsp;organis\u00e9 par la&nbsp;<strong>Ligue Auvergne-Rh\u00f4ne-Alpes de Taekwondo (AURA)<\/strong>, en partenariat avec la&nbsp;<strong>FFTDA<\/strong>, au&nbsp;<strong>Gymnase Alice Millat<\/strong>, situ\u00e9 au&nbsp;<strong>8 place du Trait\u00e9 de Rome \u2013 Lyon 7e<\/strong>.<\/p>\n\n\n\n<h3 class=\"wp-block-heading\"><strong>\ud83d\udca5 Un stage dirig\u00e9 par Yasmina Aziez<\/strong><\/h3>\n\n\n\n<p>Ce stage exceptionnel \u00e9tait anim\u00e9 par&nbsp;<strong>Yasmina Aziez<\/strong>, athl\u00e8te de haut niveau et r\u00e9f\u00e9rence du taekwondo fran\u00e7ais.<\/p>\n\n\n\n<p>Son parcours parle de lui-m\u00eame :<\/p>\n\n\n\n<ul class=\"wp-block-list\">\n<li>\ud83e\udd49&nbsp;<strong>M\u00e9daille de bronze aux Championnats du Monde 2009<\/strong>&nbsp;\u00e0 Copenhague (-49 kg)<\/li>\n\n\n\n<li>\ud83e\udd48&nbsp;<strong>Vice-championne d\u2019Europe<\/strong>&nbsp;en 2010 et 2014<\/li>\n\n\n\n<li>\ud83e\udd49&nbsp;<strong>M\u00e9daille de bronze aux Championnats d\u2019Europe<\/strong>&nbsp;2012 et 2018<\/li>\n\n\n\n<li>\ud83c\uddeb\ud83c\uddf7&nbsp;<strong>Repr\u00e9sentante de la France aux Jeux Olympiques de Rio 2016<\/strong>&nbsp;(-49 kg)<\/li>\n<\/ul>\n\n\n\n<p>Avec sa passion, son exp\u00e9rience et son exigence, Yasmina a su transmettre son savoir-faire et son \u00e9nergie \u00e0 tous les participants.<\/p>\n\n\n\n<h3 class=\"wp-block-heading\"><strong>\ud83d\udd25 Une apr\u00e8s-midi intense et formatrice<\/strong><\/h3>\n\n\n\n<p>Durant trois heures de travail intensif (de 14h \u00e0 17h), les taekwondo\u00efstes venus de toute la r\u00e9gion ont encha\u00een\u00e9 :<\/p>\n\n\n\n<ul class=\"wp-block-list\">\n<li>Des&nbsp;<strong>ateliers techniques et tactiques<\/strong>&nbsp;de combat<\/li>\n\n\n\n<li>Un travail approfondi sur la&nbsp;<strong>gestion du timing et de la distance<\/strong><\/li>\n\n\n\n<li>Des&nbsp;<strong>s\u00e9quences de sparring<\/strong>&nbsp;et de mise en situation<\/li>\n\n\n\n<li>Des&nbsp;<strong>\u00e9changes conviviaux<\/strong>&nbsp;et inspirants avec la championne<\/li>\n<\/ul>\n\n\n\n<p>Le&nbsp;<strong>stage affichait complet<\/strong>, preuve du grand int\u00e9r\u00eat qu\u2019il a suscit\u00e9 parmi les pratiquants.<\/p>\n\n\n\n<h3 class=\"wp-block-heading\"><strong>\ud83d\udc4f Bravo \u00e0 nos participants<\/strong><\/h3>\n\n\n\n<p>F\u00e9licitations \u00e0 tous nos licenci\u00e9s qui ont repr\u00e9sent\u00e9 fi\u00e8rement le club lors de ce stage.<\/p>\n\n\n\n<p>Ils reviennent motiv\u00e9s, enrichis et pr\u00eats \u00e0 mettre en pratique les pr\u00e9cieux conseils re\u00e7us.<\/p>\n\n\n\n<p>Un grand merci \u00e0 la&nbsp;<strong>Ligue AURA<\/strong>&nbsp;et \u00e0 la&nbsp;<strong>FFTDA<\/strong>&nbsp;pour l\u2019organisation de cet \u00e9v\u00e9nement, ainsi qu\u2019\u00e0&nbsp;<strong>Yasmina Aziez<\/strong>&nbsp;pour sa disponibilit\u00e9 et son partage d\u2019exp\u00e9rience.<\/p>\n\n\n\n<figure class=\"wp-block-gallery has-nested-images columns-default is-cropped wp-block-gallery-1 is-layout-flex wp-block-gallery-is-layout-flex\">\n<figure class=\"wp-block-image size-large\"><img loading=\"lazy\" decoding=\"async\" width=\"1024\" height=\"576\" data-id=\"1763\" src=\"https:\/\/taekwondo-saintpriest.fr\/wp-content\/uploads\/2025\/11\/bd38bc4a-ac29-4893-941e-2e3baca884cc-1024x576.jpg\" alt=\"\" class=\"wp-image-1763\" srcset=\"https:\/\/taekwondo-saintpriest.fr\/wp-content\/uploads\/2025\/11\/bd38bc4a-ac29-4893-941e-2e3baca884cc-1024x576.jpg 1024w, https:\/\/taekwondo-saintpriest.fr\/wp-content\/uploads\/2025\/11\/bd38bc4a-ac29-4893-941e-2e3baca884cc-300x169.jpg 300w, https:\/\/taekwondo-saintpriest.fr\/wp-content\/uploads\/2025\/11\/bd38bc4a-ac29-4893-941e-2e3baca884cc-768x432.jpg 768w, https:\/\/taekwondo-saintpriest.fr\/wp-content\/uploads\/2025\/11\/bd38bc4a-ac29-4893-941e-2e3baca884cc-1536x864.jpg 1536w, https:\/\/taekwondo-saintpriest.fr\/wp-content\/uploads\/2025\/11\/bd38bc4a-ac29-4893-941e-2e3baca884cc-1320x743.jpg 1320w, https:\/\/taekwondo-saintpriest.fr\/wp-content\/uploads\/2025\/11\/bd38bc4a-ac29-4893-941e-2e3baca884cc-600x338.jpg 600w, https:\/\/taekwondo-saintpriest.fr\/wp-content\/uploads\/2025\/11\/bd38bc4a-ac29-4893-941e-2e3baca884cc.jpg 1600w\" sizes=\"auto, (max-width: 1024px) 100vw, 1024px\" \/><\/figure>\n<\/figure>\n\n\n\n<p><\/p>\n","protected":false},"excerpt":{"rendered":"<p>Ce&nbsp;samedi 8 novembre 2025, plusieurs de nos adh\u00e9rents ont particip\u00e9 au&nbsp;stage de masse combat&nbsp;organis\u00e9 par la&nbsp;Ligue Auvergne-Rh\u00f4ne-Alpes de Taekwondo (AURA), en partenariat avec la&nbsp;FFTDA, au&nbsp;Gymnase Alice Millat, situ\u00e9 au&nbsp;8 place du Trait\u00e9 de Rome \u2013 Lyon 7e. \ud83d\udca5 Un stage dirig\u00e9 par Yasmina Aziez Ce stage exceptionnel \u00e9tait anim\u00e9 par&nbsp;Yasmina [&hellip;]<\/p>\n","protected":false},"author":1,"featured_media":0,"comment_status":"open","ping_status":"open","sticky":false,"template":"","format":"standard","meta":{"_jetpack_memberships_contains_paid_content":false,"footnotes":""},"categories":[1],"tags":[],"class_list":["post-1761","post","type-post","status-publish","format-standard","hentry","category-non-classe"],"jetpack_featured_media_url":"","jetpack_sharing_enabled":true,"_links":{"self":[{"href":"https:\/\/taekwondo-saintpriest.fr\/index.php\/wp-json\/wp\/v2\/posts\/1761","targetHints":{"allow":["GET"]}}],"collection":[{"href":"https:\/\/taekwondo-saintpriest.fr\/index.php\/wp-json\/wp\/v2\/posts"}],"about":[{"href":"https:\/\/taekwondo-saintpriest.fr\/index.php\/wp-json\/wp\/v2\/types\/post"}],"author":[{"embeddable":true,"href":"https:\/\/taekwondo-saintpriest.fr\/index.php\/wp-json\/wp\/v2\/users\/1"}],"replies":[{"embeddable":true,"href":"https:\/\/taekwondo-saintpriest.fr\/index.php\/wp-json\/wp\/v2\/comments?post=1761"}],"version-history":[{"count":3,"href":"https:\/\/taekwondo-saintpriest.fr\/index.php\/wp-json\/wp\/v2\/posts\/1761\/revisions"}],"predecessor-version":[{"id":1768,"href":"https:\/\/taekwondo-saintpriest.fr\/index.php\/wp-json\/wp\/v2\/posts\/1761\/revisions\/1768"}],"wp:attachment":[{"href":"https:\/\/taekwondo-saintpriest.fr\/index.php\/wp-json\/wp\/v2\/media?parent=1761"}],"wp:term":[{"taxonomy":"category","embeddable":true,"href":"https:\/\/taekwondo-saintpriest.fr\/index.php\/wp-json\/wp\/v2\/categories?post=1761"},{"taxonomy":"post_tag","embeddable":true,"href":"https:\/\/taekwondo-saintpriest.fr\/index.php\/wp-json\/wp\/v2\/tags?post=1761"}],"curies":[{"name":"wp","href":"https:\/\/api.w.org\/{rel}","templated":true}]}}